{"id":359,"date":"2023-05-28T15:31:14","date_gmt":"2023-05-28T14:31:14","guid":{"rendered":"https:\/\/bdjl.de\/alterpostplatz\/?p=359"},"modified":"2023-06-14T08:21:48","modified_gmt":"2023-06-14T07:21:48","slug":"freitag-02-06-2023","status":"publish","type":"post","link":"https:\/\/bdjl.de\/alterpostplatz\/?p=359","title":{"rendered":"Freitag 02.06.2023"},"content":{"rendered":"<p>Freitag ab 14:30 Uhr<\/p>\n<p><iframe loading=\"lazy\" style=\"border: 1px solid black;\" src=\"https:\/\/www.openstreetmap.org\/export\/embed.html?bbox=9.78156566619873%2C48.07643204140352%2C9.786044955253603%2C48.07793199681392&amp;layer=mapnik&amp;marker=48.07718112854416%2C9.783805310726166\" width=\"425\" height=\"350\" frameborder=\"0\" marginwidth=\"0\" marginheight=\"0\" scrolling=\"no\"><\/iframe><br \/>\n<small><a href=\"https:\/\/www.openstreetmap.org\/?mlat=48.07718&amp;mlon=9.78381#map=19\/48.07718\/9.78381\">Gr\u00f6\u00dfere Karte anzeigen<\/a><\/small><\/p>\n<p>Anschlie\u00dfend ab ca. 16:00 Uhr<\/p>\n<p><iframe loading=\"lazy\" style=\"border: 1px solid black;\" src=\"https:\/\/www.openstreetmap.org\/export\/embed.html?bbox=9.782802164554598%2C48.06289641624389%2C9.787281453609467%2C48.064396766221414&amp;layer=mapnik&amp;marker=48.0636474929655%2C9.785041809082031\" width=\"425\" height=\"350\" frameborder=\"0\" marginwidth=\"0\" marginheight=\"0\" scrolling=\"no\"><\/iframe><br \/>\n<small><a href=\"https:\/\/www.openstreetmap.org\/?mlat=48.06365&amp;mlon=9.78504#map=19\/48.06365\/9.78504\">Gr\u00f6\u00dfere Karte anzeigen<\/a><\/small><\/p>\n<p>Bitte melden Sie Ihre jeweilige Teilnahme unter Angabe der Zahl der kommenden Personen und einer telefonischen Kontaktm\u00f6glichkeit f\u00fcr evtl. aufkommende R\u00fcckfragen an do.weller (@) bdjl.de<\/p>\n<p>Eine Spende an den <a href=\"https:\/\/www.kinderschutzbund-biberach.de\/wordpress\/\" target=\"_blank\" rel=\"noopener\">Kinderschutzbund<\/a> w\u00fcrde Christel sicherlich freuen.<\/p>\n","protected":false},"excerpt":{"rendered":"<p>Freitag ab 14:30 Uhr Gr\u00f6\u00dfere Karte anzeigen Anschlie\u00dfend ab ca. 16:00 Uhr Gr\u00f6\u00dfere Karte anzeigen Bitte melden Sie Ihre jeweilige Teilnahme unter Angabe der Zahl der kommenden Personen und einer telefonischen Kontaktm\u00f6glichkeit f\u00fcr evtl. aufkommende R\u00fcckfragen an do.weller (@) bdjl.de &hellip; <a href=\"https:\/\/bdjl.de\/alterpostplatz\/?p=359\">Continue reading <span class=\"meta-nav\">&rarr;<\/span><\/a><\/p>\n","protected":false},"author":1,"featured_media":0,"comment_status":"closed","ping_status":"closed","sticky":false,"template":"","format":"standard","meta":{"footnotes":""},"categories":[1],"tags":[],"class_list":["post-359","post","type-post","status-publish","format-standard","hentry","category-allgemein"],"_links":{"self":[{"href":"https:\/\/bdjl.de\/alterpostplatz\/index.php?rest_route=\/wp\/v2\/posts\/359","targetHints":{"allow":["GET"]}}],"collection":[{"href":"https:\/\/bdjl.de\/alterpostplatz\/index.php?rest_route=\/wp\/v2\/posts"}],"about":[{"href":"https:\/\/bdjl.de\/alterpostplatz\/index.php?rest_route=\/wp\/v2\/types\/post"}],"author":[{"embeddable":true,"href":"https:\/\/bdjl.de\/alterpostplatz\/index.php?rest_route=\/wp\/v2\/users\/1"}],"replies":[{"embeddable":true,"href":"https:\/\/bdjl.de\/alterpostplatz\/index.php?rest_route=%2Fwp%2Fv2%2Fcomments&post=359"}],"version-history":[{"count":3,"href":"https:\/\/bdjl.de\/alterpostplatz\/index.php?rest_route=\/wp\/v2\/posts\/359\/revisions"}],"predecessor-version":[{"id":362,"href":"https:\/\/bdjl.de\/alterpostplatz\/index.php?rest_route=\/wp\/v2\/posts\/359\/revisions\/362"}],"wp:attachment":[{"href":"https:\/\/bdjl.de\/alterpostplatz\/index.php?rest_route=%2Fwp%2Fv2%2Fmedia&parent=359"}],"wp:term":[{"taxonomy":"category","embeddable":true,"href":"https:\/\/bdjl.de\/alterpostplatz\/index.php?rest_route=%2Fwp%2Fv2%2Fcategories&post=359"},{"taxonomy":"post_tag","embeddable":true,"href":"https:\/\/bdjl.de\/alterpostplatz\/index.php?rest_route=%2Fwp%2Fv2%2Ftags&post=359"}],"curies":[{"name":"wp","href":"https:\/\/api.w.org\/{rel}","templated":true}]}}